{"id":7817,"date":"2024-10-31T07:07:50","date_gmt":"2024-10-31T06:07:50","guid":{"rendered":"https:\/\/nacaj.cz\/indie\/?p=7817"},"modified":"2024-10-31T14:56:28","modified_gmt":"2024-10-31T13:56:28","slug":"diwali-svatek-svetel-v-indii","status":"publish","type":"post","link":"https:\/\/nacaj.cz\/indie\/diwali-svatek-svetel-v-indii\/","title":{"rendered":"Divali &#8211; sv\u00e1tek sv\u011btel v Indii"},"content":{"rendered":"<div class=\"synved-social-container synved-social-container-share\" style=\"text-align: right\"><a class=\"synved-social-button synved-social-button-share synved-social-size-32 synved-social-resolution-single synved-social-provider-facebook nolightbox\" data-provider=\"facebook\" target=\"_blank\" rel=\"nofollow\" title=\"Sd\u00edlejte na facebook.com\" href=\"https:\/\/www.facebook.com\/sharer.php?u=https%3A%2F%2Fnacaj.cz%2Findie%2Fwp-json%2Fwp%2Fv2%2Fposts%2F7817&#038;t=Divali%20%E2%80%93%20sv%C3%A1tek%20sv%C4%9Btel%20v%20Indii&#038;s=100&#038;p&#091;url&#093;=https%3A%2F%2Fnacaj.cz%2Findie%2Fwp-json%2Fwp%2Fv2%2Fposts%2F7817&#038;p&#091;images&#093;&#091;0&#093;=https%3A%2F%2Fnacaj.cz%2Findie%2Fwp-content%2Fuploads%2F2023%2F11%2FFestival-svetel-Indie.jpg&#038;p&#091;title&#093;=Divali%20%E2%80%93%20sv%C3%A1tek%20sv%C4%9Btel%20v%20Indii\" style=\"font-size: 0px; width:32px;height:32px;margin:0;margin-bottom:5px;margin-right:5px;\"><img alt=\"Facebook\" title=\"Sd\u00edlejte na facebook.com\" class=\"synved-share-image synved-social-image synved-social-image-share\" width=\"32\" height=\"32\" style=\"display: inline; width:32px;height:32px; margin: 0; padding: 0; border: none; box-shadow: none;\" src=\"https:\/\/nacaj.cz\/indie\/wp-content\/plugins\/social-media-feather\/synved-social\/image\/social\/regular\/64x64\/facebook.png\" \/><\/a><a class=\"synved-social-button synved-social-button-share synved-social-size-32 synved-social-resolution-single synved-social-provider-twitter nolightbox\" data-provider=\"twitter\" target=\"_blank\" rel=\"nofollow\" title=\"Sd\u00edlejte na Twitteru\" href=\"https:\/\/twitter.com\/intent\/tweet?url=https%3A%2F%2Fnacaj.cz%2Findie%2Fwp-json%2Fwp%2Fv2%2Fposts%2F7817&#038;text=Sdd%C3%ADlejte%20s%20p%C5%99%C3%A1teli\" style=\"font-size: 0px; width:32px;height:32px;margin:0;margin-bottom:5px;margin-right:5px;\"><img alt=\"twitter\" title=\"Sd\u00edlejte na Twitteru\" class=\"synved-share-image synved-social-image synved-social-image-share\" width=\"32\" height=\"32\" style=\"display: inline; width:32px;height:32px; margin: 0; padding: 0; border: none; box-shadow: none;\" src=\"https:\/\/nacaj.cz\/indie\/wp-content\/plugins\/social-media-feather\/synved-social\/image\/social\/regular\/64x64\/twitter.png\" \/><\/a><a class=\"synved-social-button synved-social-button-share synved-social-size-32 synved-social-resolution-single synved-social-provider-reddit nolightbox\" data-provider=\"reddit\" target=\"_blank\" rel=\"nofollow\" title=\"Sd\u00edlejte na Reddit\" href=\"https:\/\/www.reddit.com\/submit?url=https%3A%2F%2Fnacaj.cz%2Findie%2Fwp-json%2Fwp%2Fv2%2Fposts%2F7817&#038;title=Divali%20%E2%80%93%20sv%C3%A1tek%20sv%C4%9Btel%20v%20Indii\" style=\"font-size: 0px; width:32px;height:32px;margin:0;margin-bottom:5px;margin-right:5px;\"><img alt=\"reddit\" title=\"Sd\u00edlejte na Reddit\" class=\"synved-share-image synved-social-image synved-social-image-share\" width=\"32\" height=\"32\" style=\"display: inline; width:32px;height:32px; margin: 0; padding: 0; border: none; box-shadow: none;\" src=\"https:\/\/nacaj.cz\/indie\/wp-content\/plugins\/social-media-feather\/synved-social\/image\/social\/regular\/64x64\/reddit.png\" \/><\/a><a class=\"synved-social-button synved-social-button-share synved-social-size-32 synved-social-resolution-single synved-social-provider-pinterest nolightbox\" data-provider=\"pinterest\" target=\"_blank\" rel=\"nofollow\" title=\"Pin it with Pinterest\" href=\"https:\/\/pinterest.com\/pin\/create\/button\/?url=https%3A%2F%2Fnacaj.cz%2Findie%2Fwp-json%2Fwp%2Fv2%2Fposts%2F7817&#038;media=https%3A%2F%2Fnacaj.cz%2Findie%2Fwp-content%2Fuploads%2F2023%2F11%2FFestival-svetel-Indie.jpg&#038;description=Divali%20%E2%80%93%20sv%C3%A1tek%20sv%C4%9Btel%20v%20Indii\" style=\"font-size: 0px; width:32px;height:32px;margin:0;margin-bottom:5px;margin-right:5px;\"><img alt=\"pinterest\" title=\"Pin it with Pinterest\" class=\"synved-share-image synved-social-image synved-social-image-share\" width=\"32\" height=\"32\" style=\"display: inline; width:32px;height:32px; margin: 0; padding: 0; border: none; box-shadow: none;\" src=\"https:\/\/nacaj.cz\/indie\/wp-content\/plugins\/social-media-feather\/synved-social\/image\/social\/regular\/64x64\/pinterest.png\" \/><\/a><a class=\"synved-social-button synved-social-button-share synved-social-size-32 synved-social-resolution-single synved-social-provider-linkedin nolightbox\" data-provider=\"linkedin\" target=\"_blank\" rel=\"nofollow\" title=\"Sd\u00edlejte na Linkedin\" href=\"https:\/\/www.linkedin.com\/shareArticle?mini=true&#038;url=https%3A%2F%2Fnacaj.cz%2Findie%2Fwp-json%2Fwp%2Fv2%2Fposts%2F7817&#038;title=Divali%20%E2%80%93%20sv%C3%A1tek%20sv%C4%9Btel%20v%20Indii\" style=\"font-size: 0px; width:32px;height:32px;margin:0;margin-bottom:5px;margin-right:5px;\"><img alt=\"linkedin\" title=\"Sd\u00edlejte na Linkedin\" class=\"synved-share-image synved-social-image synved-social-image-share\" width=\"32\" height=\"32\" style=\"display: inline; width:32px;height:32px; margin: 0; padding: 0; border: none; box-shadow: none;\" src=\"https:\/\/nacaj.cz\/indie\/wp-content\/plugins\/social-media-feather\/synved-social\/image\/social\/regular\/64x64\/linkedin.png\" \/><\/a><a class=\"synved-social-button synved-social-button-share synved-social-size-32 synved-social-resolution-single synved-social-provider-tumblr nolightbox\" data-provider=\"tumblr\" target=\"_blank\" rel=\"nofollow\" title=\"Sd\u00edlejte na Tumblr\" href=\"https:\/\/tumblr.com\/share?s=&#038;v=3&#038;t=Divali%20%E2%80%93%20sv%C3%A1tek%20sv%C4%9Btel%20v%20Indii&#038;u=https%3A%2F%2Fnacaj.cz%2Findie%2Fwp-json%2Fwp%2Fv2%2Fposts%2F7817\" style=\"font-size: 0px; width:32px;height:32px;margin:0;margin-bottom:5px;\"><img alt=\"tumblr\" title=\"Sd\u00edlejte na Tumblr\" class=\"synved-share-image synved-social-image synved-social-image-share\" width=\"32\" height=\"32\" style=\"display: inline; width:32px;height:32px; margin: 0; padding: 0; border: none; box-shadow: none;\" src=\"https:\/\/nacaj.cz\/indie\/wp-content\/plugins\/social-media-feather\/synved-social\/image\/social\/regular\/64x64\/tumblr.png\" \/><\/a><\/div><p>&nbsp;<\/p>\n<blockquote><p>Diwali (Deepavali, d\u012bp\u0101val\u012b nebo Divali) je hinduistick\u00fd sv\u00e1tek sv\u011btel, kter\u00fd se ve sv\u00fdch obm\u011bn\u00e1ch slav\u00ed i v dal\u0161\u00edch indick\u00fdch n\u00e1bo\u017eenstv\u00edch.<br \/>\nDivali symbolizuje duchovn\u00ed &#8222;v\u00edt\u011bzstv\u00ed sv\u011btla nad temnotou, dobra nad zlem a pozn\u00e1n\u00ed nad nev\u011bdomost\u00ed&#8220;.<\/p><\/blockquote>\n<p>&nbsp;<\/p>\n<figure id=\"attachment_7818\" aria-describedby=\"caption-attachment-7818\" style=\"width: 660px\" class=\"wp-caption aligncenter\"><a href=\"https:\/\/nacaj.cz\/indie\/wp-content\/uploads\/2023\/11\/Festival-svetel-Indie.jpg\"><img loading=\"lazy\" class=\"responsive wp-image-7818 size-medium\" title=\"Divali - Diwali - Deepavali. Sv\u00e1tek sv\u011btel v Indii\" src=\"https:\/\/nacaj.cz\/indie\/wp-content\/uploads\/2023\/11\/Festival-svetel-Indie-660x427.jpg\" alt=\"Divali - Diwali - Deepavali. Sv\u00e1tek sv\u011btel v Indii\" width=\"660\" height=\"427\" srcset=\"https:\/\/nacaj.cz\/indie\/wp-content\/uploads\/2023\/11\/Festival-svetel-Indie-660x427.jpg 660w, https:\/\/nacaj.cz\/indie\/wp-content\/uploads\/2023\/11\/Festival-svetel-Indie-900x583.jpg 900w, https:\/\/nacaj.cz\/indie\/wp-content\/uploads\/2023\/11\/Festival-svetel-Indie-150x97.jpg 150w, https:\/\/nacaj.cz\/indie\/wp-content\/uploads\/2023\/11\/Festival-svetel-Indie-768x497.jpg 768w, https:\/\/nacaj.cz\/indie\/wp-content\/uploads\/2023\/11\/Festival-svetel-Indie.jpg 1200w\" sizes=\"(max-width: 660px) 100vw, 660px\" \/><\/a><figcaption id=\"caption-attachment-7818\" class=\"wp-caption-text\"><span style=\"color: #999999;\">Divali &#8211; Diwali &#8211; Deepavali v Indii<\/span><\/figcaption><\/figure>\n<p>&nbsp;<\/p>\n<p>Divali, zn\u00e1m\u00fd tak\u00e9 jako Diwali nebo Deepavali, je jeden z nejv\u00fdznamn\u011bj\u0161\u00edch hinduistick\u00fdch sv\u00e1tk\u016f slaven\u00fd v Indii a dal\u0161\u00edch \u010d\u00e1stech sv\u011bta.<br \/>\nTento sv\u00e1tek m\u00e1 n\u011bkolik v\u00fdznam\u016f a oslavuje se r\u016fzn\u00fdmi zp\u016fsoby v r\u016fzn\u00fdch \u010d\u00e1stech Indie, ale v\u0161echny oslavy spojuje radost a sv\u011btlo.<\/p>\n<p>&nbsp;<\/p>\n<p>Divali obvykle trv\u00e1 p\u011bt dn\u00ed, ale hlavn\u00ed oslavy se konaj\u00ed v posledn\u00edm dni, kter\u00fd je ozna\u010dov\u00e1n jako Amavasya, co\u017e znamen\u00e1 \u00fapln\u011bk.<br \/>\nOslavy Divali jsou spojeny s mnoha r\u016fzn\u00fdmi legendami a p\u0159\u00edb\u011bhy, ale jedn\u00edm z hlavn\u00edch motiv\u016f je oslava v\u00edt\u011bzstv\u00ed dobra nad zlem a sv\u011btla nad temnotou.<\/p>\n<p>&nbsp;<\/p>\n<h4>Tradi\u010dn\u00ed oslavy zahrnuj\u00ed n\u011bkolik kl\u00ed\u010dov\u00fdch prvk\u016f:<\/h4>\n<ul>\n<li><strong>Z\u00e1\u0159iv\u00e1 sv\u011btla (Diya):<\/strong> Lid\u00e9 zapaluj\u00ed mal\u00e9 lampy zvan\u00e9 &#8222;diya&#8220; v dom\u00e1cnostech a ve\u0159ejn\u00fdch prostranstv\u00edch, aby symbolizovali sv\u011btlo, kter\u00e9 triumfuje nad temnotou.<\/li>\n<li><strong>Rangoli:<\/strong> Vytv\u00e1\u0159en\u00ed barevn\u00fdch vzor\u016f na zemi nebo podlah\u00e1ch pomoc\u00ed pr\u00e1\u0161k\u016f, kv\u011btin nebo r\u00fd\u017ee je b\u011b\u017enou tradic\u00ed b\u011bhem Divali. Tato um\u011bleck\u00e1 d\u00edla jsou pova\u017eov\u00e1na za p\u0159iv\u00edt\u00e1n\u00ed a \u0161t\u011bst\u00ed.<\/li>\n<li><strong>Oble\u010den\u00ed a \u010di\u0161t\u011bn\u00ed domu:<\/strong> Lid\u00e9 se obl\u00e9kaj\u00ed do nov\u00fdch \u0161at\u016f a sv\u00e9 domovy \u010dist\u00ed a zdob\u00ed, aby p\u0159iv\u00edtali bohatstv\u00ed a \u0161t\u011bst\u00ed do sv\u00fdch \u017eivot\u016f.<\/li>\n<li><strong>Puja (modlitby):<\/strong> Rodiny prov\u00e1d\u011bj\u00ed n\u00e1bo\u017eensk\u00e9 ob\u0159ady a modlitby doma a v chr\u00e1mech. Modl\u00ed se k bo\u017estv\u016fm, aby p\u0159inesly \u0161t\u011bst\u00ed, zdrav\u00ed a \u00fasp\u011bch.<\/li>\n<li><strong>Sd\u00edlen\u00ed j\u00eddla a d\u00e1rk\u016f:<\/strong> Lid\u00e9 si vym\u011b\u0148uj\u00ed j\u00eddlo a d\u00e1rky s rodinou a p\u0159\u00e1teli. Oslavuj\u00ed spole\u010dn\u011b a sd\u00edlej\u00ed radostn\u00e9 okam\u017eiky.<\/li>\n<\/ul>\n<p>&nbsp;<\/p>\n<p>Sv\u00e1tek Diwali je tak\u00e9 spojov\u00e1n s r\u016fzn\u00fdmi region\u00e1ln\u00edmi tradicemi a zvyky, a proto mohou b\u00fdt detaily oslav r\u016fzn\u00e9 v z\u00e1vislosti na konkr\u00e9tn\u00ed oblasti v Indii.<br \/>\nJe to \u010das radosti, spole\u010densk\u00e9ho propojen\u00ed a oslavov\u00e1n\u00ed sv\u011btla a dobra.<\/p>\n<div class=\"synved-social-container synved-social-container-share\" style=\"text-align: right\"><a class=\"synved-social-button synved-social-button-share synved-social-size-32 synved-social-resolution-single synved-social-provider-facebook nolightbox\" data-provider=\"facebook\" target=\"_blank\" rel=\"nofollow\" title=\"Sd\u00edlejte na facebook.com\" href=\"https:\/\/www.facebook.com\/sharer.php?u=https%3A%2F%2Fnacaj.cz%2Findie%2Fwp-json%2Fwp%2Fv2%2Fposts%2F7817&#038;t=Divali%20%E2%80%93%20sv%C3%A1tek%20sv%C4%9Btel%20v%20Indii&#038;s=100&#038;p&#091;url&#093;=https%3A%2F%2Fnacaj.cz%2Findie%2Fwp-json%2Fwp%2Fv2%2Fposts%2F7817&#038;p&#091;images&#093;&#091;0&#093;=https%3A%2F%2Fnacaj.cz%2Findie%2Fwp-content%2Fuploads%2F2023%2F11%2FFestival-svetel-Indie.jpg&#038;p&#091;title&#093;=Divali%20%E2%80%93%20sv%C3%A1tek%20sv%C4%9Btel%20v%20Indii\" style=\"font-size: 0px; width:32px;height:32px;margin:0;margin-bottom:5px;margin-right:5px;\"><img alt=\"Facebook\" title=\"Sd\u00edlejte na facebook.com\" class=\"synved-share-image synved-social-image synved-social-image-share\" width=\"32\" height=\"32\" style=\"display: inline; width:32px;height:32px; margin: 0; padding: 0; border: none; box-shadow: none;\" src=\"https:\/\/nacaj.cz\/indie\/wp-content\/plugins\/social-media-feather\/synved-social\/image\/social\/regular\/64x64\/facebook.png\" \/><\/a><a class=\"synved-social-button synved-social-button-share synved-social-size-32 synved-social-resolution-single synved-social-provider-twitter nolightbox\" data-provider=\"twitter\" target=\"_blank\" rel=\"nofollow\" title=\"Sd\u00edlejte na Twitteru\" href=\"https:\/\/twitter.com\/intent\/tweet?url=https%3A%2F%2Fnacaj.cz%2Findie%2Fwp-json%2Fwp%2Fv2%2Fposts%2F7817&#038;text=Sdd%C3%ADlejte%20s%20p%C5%99%C3%A1teli\" style=\"font-size: 0px; width:32px;height:32px;margin:0;margin-bottom:5px;margin-right:5px;\"><img alt=\"twitter\" title=\"Sd\u00edlejte na Twitteru\" class=\"synved-share-image synved-social-image synved-social-image-share\" width=\"32\" height=\"32\" style=\"display: inline; width:32px;height:32px; margin: 0; padding: 0; border: none; box-shadow: none;\" src=\"https:\/\/nacaj.cz\/indie\/wp-content\/plugins\/social-media-feather\/synved-social\/image\/social\/regular\/64x64\/twitter.png\" \/><\/a><a class=\"synved-social-button synved-social-button-share synved-social-size-32 synved-social-resolution-single synved-social-provider-reddit nolightbox\" data-provider=\"reddit\" target=\"_blank\" rel=\"nofollow\" title=\"Sd\u00edlejte na Reddit\" href=\"https:\/\/www.reddit.com\/submit?url=https%3A%2F%2Fnacaj.cz%2Findie%2Fwp-json%2Fwp%2Fv2%2Fposts%2F7817&#038;title=Divali%20%E2%80%93%20sv%C3%A1tek%20sv%C4%9Btel%20v%20Indii\" style=\"font-size: 0px; width:32px;height:32px;margin:0;margin-bottom:5px;margin-right:5px;\"><img alt=\"reddit\" title=\"Sd\u00edlejte na Reddit\" class=\"synved-share-image synved-social-image synved-social-image-share\" width=\"32\" height=\"32\" style=\"display: inline; width:32px;height:32px; margin: 0; padding: 0; border: none; box-shadow: none;\" src=\"https:\/\/nacaj.cz\/indie\/wp-content\/plugins\/social-media-feather\/synved-social\/image\/social\/regular\/64x64\/reddit.png\" \/><\/a><a class=\"synved-social-button synved-social-button-share synved-social-size-32 synved-social-resolution-single synved-social-provider-pinterest nolightbox\" data-provider=\"pinterest\" target=\"_blank\" rel=\"nofollow\" title=\"Pin it with Pinterest\" href=\"https:\/\/pinterest.com\/pin\/create\/button\/?url=https%3A%2F%2Fnacaj.cz%2Findie%2Fwp-json%2Fwp%2Fv2%2Fposts%2F7817&#038;media=https%3A%2F%2Fnacaj.cz%2Findie%2Fwp-content%2Fuploads%2F2023%2F11%2FFestival-svetel-Indie.jpg&#038;description=Divali%20%E2%80%93%20sv%C3%A1tek%20sv%C4%9Btel%20v%20Indii\" style=\"font-size: 0px; width:32px;height:32px;margin:0;margin-bottom:5px;margin-right:5px;\"><img alt=\"pinterest\" title=\"Pin it with Pinterest\" class=\"synved-share-image synved-social-image synved-social-image-share\" width=\"32\" height=\"32\" style=\"display: inline; width:32px;height:32px; margin: 0; padding: 0; border: none; box-shadow: none;\" src=\"https:\/\/nacaj.cz\/indie\/wp-content\/plugins\/social-media-feather\/synved-social\/image\/social\/regular\/64x64\/pinterest.png\" \/><\/a><a class=\"synved-social-button synved-social-button-share synved-social-size-32 synved-social-resolution-single synved-social-provider-linkedin nolightbox\" data-provider=\"linkedin\" target=\"_blank\" rel=\"nofollow\" title=\"Sd\u00edlejte na Linkedin\" href=\"https:\/\/www.linkedin.com\/shareArticle?mini=true&#038;url=https%3A%2F%2Fnacaj.cz%2Findie%2Fwp-json%2Fwp%2Fv2%2Fposts%2F7817&#038;title=Divali%20%E2%80%93%20sv%C3%A1tek%20sv%C4%9Btel%20v%20Indii\" style=\"font-size: 0px; width:32px;height:32px;margin:0;margin-bottom:5px;margin-right:5px;\"><img alt=\"linkedin\" title=\"Sd\u00edlejte na Linkedin\" class=\"synved-share-image synved-social-image synved-social-image-share\" width=\"32\" height=\"32\" style=\"display: inline; width:32px;height:32px; margin: 0; padding: 0; border: none; box-shadow: none;\" src=\"https:\/\/nacaj.cz\/indie\/wp-content\/plugins\/social-media-feather\/synved-social\/image\/social\/regular\/64x64\/linkedin.png\" \/><\/a><a class=\"synved-social-button synved-social-button-share synved-social-size-32 synved-social-resolution-single synved-social-provider-tumblr nolightbox\" data-provider=\"tumblr\" target=\"_blank\" rel=\"nofollow\" title=\"Sd\u00edlejte na Tumblr\" href=\"https:\/\/tumblr.com\/share?s=&#038;v=3&#038;t=Divali%20%E2%80%93%20sv%C3%A1tek%20sv%C4%9Btel%20v%20Indii&#038;u=https%3A%2F%2Fnacaj.cz%2Findie%2Fwp-json%2Fwp%2Fv2%2Fposts%2F7817\" style=\"font-size: 0px; width:32px;height:32px;margin:0;margin-bottom:5px;\"><img alt=\"tumblr\" title=\"Sd\u00edlejte na Tumblr\" class=\"synved-share-image synved-social-image synved-social-image-share\" width=\"32\" height=\"32\" style=\"display: inline; width:32px;height:32px; margin: 0; padding: 0; border: none; box-shadow: none;\" src=\"https:\/\/nacaj.cz\/indie\/wp-content\/plugins\/social-media-feather\/synved-social\/image\/social\/regular\/64x64\/tumblr.png\" \/><\/a><\/div>","protected":false},"excerpt":{"rendered":"<p>&nbsp; Diwali (Deepavali, d\u012bp\u0101val\u012b nebo Divali) je hinduistick\u00fd sv\u00e1tek sv\u011btel, kter\u00fd se ve sv\u00fdch obm\u011bn\u00e1ch slav\u00ed i v dal\u0161\u00edch indick\u00fdch n\u00e1bo\u017eenstv\u00edch. Divali symbolizuje duchovn\u00ed &#8222;v\u00edt\u011bzstv\u00ed sv\u011btla nad temnotou, dobra nad [&hellip;]<\/p>\n","protected":false},"author":1,"featured_media":7818,"comment_status":"open","ping_status":"closed","sticky":false,"template":"","format":"standard","meta":{"ngg_post_thumbnail":0},"categories":[215],"tags":[210],"yoast_head":"<!-- This site is optimized with the Yoast SEO plugin v16.3 - https:\/\/yoast.com\/wordpress\/plugins\/seo\/ -->\n<title>Diwali - Sv\u00e1tek sv\u011btel v Indii. Divali, Deepavali | INDIE 2026<\/title>\n<meta name=\"description\" content=\"Diwali (Deepavali, Divali) je hinduistick\u00fd sv\u00e1tek sv\u011btel, kter\u00fd se ve sv\u00fdch obm\u011bn\u00e1ch slav\u00ed i v dal\u0161\u00edch indick\u00fdch n\u00e1bo\u017eenstv\u00edch. Cestov\u00e1n\u00ed po Indii\" \/>\n<meta name=\"robots\" content=\"index, follow, max-snippet:-1, max-image-preview:large, max-video-preview:-1\" \/>\n<link rel=\"canonical\" href=\"https:\/\/nacaj.cz\/indie\/diwali-svatek-svetel-v-indii\/\" \/>\n<meta property=\"og:locale\" content=\"cs_CZ\" \/>\n<meta property=\"og:type\" content=\"article\" \/>\n<meta property=\"og:title\" content=\"Diwali - Sv\u00e1tek sv\u011btel v Indii. Divali, Deepavali | INDIE 2026\" \/>\n<meta property=\"og:description\" content=\"Diwali (Deepavali, Divali) je hinduistick\u00fd sv\u00e1tek sv\u011btel, kter\u00fd se ve sv\u00fdch obm\u011bn\u00e1ch slav\u00ed i v dal\u0161\u00edch indick\u00fdch n\u00e1bo\u017eenstv\u00edch. Cestov\u00e1n\u00ed po Indii\" \/>\n<meta property=\"og:url\" content=\"https:\/\/nacaj.cz\/indie\/diwali-svatek-svetel-v-indii\/\" \/>\n<meta property=\"og:site_name\" content=\"INDIE - Cestov\u00e1n\u00ed po Indii\" \/>\n<meta property=\"article:publisher\" content=\"https:\/\/www.facebook.com\/travel.exotika\/\" \/>\n<meta property=\"article:author\" content=\"https:\/\/www.facebook.com\/travel.exotika\" \/>\n<meta property=\"article:published_time\" content=\"2024-10-31T06:07:50+00:00\" \/>\n<meta property=\"article:modified_time\" content=\"2024-10-31T13:56:28+00:00\" \/>\n<meta property=\"og:image\" content=\"https:\/\/nacaj.cz\/indie\/wp-content\/uploads\/2023\/11\/Festival-svetel-Indie.jpg\" \/>\n\t<meta property=\"og:image:width\" content=\"1200\" \/>\n\t<meta property=\"og:image:height\" content=\"777\" \/>\n<meta name=\"twitter:label1\" content=\"Odhadovan\u00e1 doba \u010dten\u00ed\">\n\t<meta name=\"twitter:data1\" content=\"2 minuty\">\n<script type=\"application\/ld+json\" class=\"yoast-schema-graph\">{\"@context\":\"https:\/\/schema.org\",\"@graph\":[{\"@type\":\"Organization\",\"@id\":\"https:\/\/nacaj.cz\/indie\/#organization\",\"name\":\"NaCaj.cz\",\"url\":\"https:\/\/nacaj.cz\/indie\/\",\"sameAs\":[\"https:\/\/www.facebook.com\/travel.exotika\/\"],\"logo\":{\"@type\":\"ImageObject\",\"@id\":\"https:\/\/nacaj.cz\/indie\/#logo\",\"inLanguage\":\"cs\",\"url\":\"https:\/\/nacaj.cz\/indie\/wp-content\/uploads\/2018\/01\/Indie-cestovani-po-indii.jpg\",\"contentUrl\":\"https:\/\/nacaj.cz\/indie\/wp-content\/uploads\/2018\/01\/Indie-cestovani-po-indii.jpg\",\"width\":651,\"height\":530,\"caption\":\"NaCaj.cz\"},\"image\":{\"@id\":\"https:\/\/nacaj.cz\/indie\/#logo\"}},{\"@type\":\"WebSite\",\"@id\":\"https:\/\/nacaj.cz\/indie\/#website\",\"url\":\"https:\/\/nacaj.cz\/indie\/\",\"name\":\"INDIE - Cestov\\u00e1n\\u00ed po Indii\",\"description\":\"Cestov\\u00e1n\\u00ed: Exotika :-)\",\"publisher\":{\"@id\":\"https:\/\/nacaj.cz\/indie\/#organization\"},\"potentialAction\":[{\"@type\":\"SearchAction\",\"target\":\"https:\/\/nacaj.cz\/indie\/?s={search_term_string}\",\"query-input\":\"required name=search_term_string\"}],\"inLanguage\":\"cs\"},{\"@type\":\"ImageObject\",\"@id\":\"https:\/\/nacaj.cz\/indie\/diwali-svatek-svetel-v-indii\/#primaryimage\",\"inLanguage\":\"cs\",\"url\":\"https:\/\/nacaj.cz\/indie\/wp-content\/uploads\/2023\/11\/Festival-svetel-Indie.jpg\",\"contentUrl\":\"https:\/\/nacaj.cz\/indie\/wp-content\/uploads\/2023\/11\/Festival-svetel-Indie.jpg\",\"width\":1200,\"height\":777,\"caption\":\"Divali - Diwali - Deepavali v Indii\"},{\"@type\":\"WebPage\",\"@id\":\"https:\/\/nacaj.cz\/indie\/diwali-svatek-svetel-v-indii\/#webpage\",\"url\":\"https:\/\/nacaj.cz\/indie\/diwali-svatek-svetel-v-indii\/\",\"name\":\"Diwali - Sv\\u00e1tek sv\\u011btel v Indii. Divali, Deepavali | INDIE 2026\",\"isPartOf\":{\"@id\":\"https:\/\/nacaj.cz\/indie\/#website\"},\"primaryImageOfPage\":{\"@id\":\"https:\/\/nacaj.cz\/indie\/diwali-svatek-svetel-v-indii\/#primaryimage\"},\"datePublished\":\"2024-10-31T06:07:50+00:00\",\"dateModified\":\"2024-10-31T13:56:28+00:00\",\"description\":\"Diwali (Deepavali, Divali) je hinduistick\\u00fd sv\\u00e1tek sv\\u011btel, kter\\u00fd se ve sv\\u00fdch obm\\u011bn\\u00e1ch slav\\u00ed i v dal\\u0161\\u00edch indick\\u00fdch n\\u00e1bo\\u017eenstv\\u00edch. Cestov\\u00e1n\\u00ed po Indii\",\"breadcrumb\":{\"@id\":\"https:\/\/nacaj.cz\/indie\/diwali-svatek-svetel-v-indii\/#breadcrumb\"},\"inLanguage\":\"cs\",\"potentialAction\":[{\"@type\":\"ReadAction\",\"target\":[\"https:\/\/nacaj.cz\/indie\/diwali-svatek-svetel-v-indii\/\"]}]},{\"@type\":\"BreadcrumbList\",\"@id\":\"https:\/\/nacaj.cz\/indie\/diwali-svatek-svetel-v-indii\/#breadcrumb\",\"itemListElement\":[{\"@type\":\"ListItem\",\"position\":1,\"item\":{\"@type\":\"WebPage\",\"@id\":\"https:\/\/nacaj.cz\/indie\/\",\"url\":\"https:\/\/nacaj.cz\/indie\/\",\"name\":\"Dom\\u016f\"}},{\"@type\":\"ListItem\",\"position\":2,\"item\":{\"@type\":\"WebPage\",\"@id\":\"https:\/\/nacaj.cz\/indie\/cestovani\/zajimavosti\/\",\"url\":\"https:\/\/nacaj.cz\/indie\/cestovani\/zajimavosti\/\",\"name\":\"Zaj\\u00edmavosti\"}},{\"@type\":\"ListItem\",\"position\":3,\"item\":{\"@id\":\"https:\/\/nacaj.cz\/indie\/diwali-svatek-svetel-v-indii\/#webpage\"}}]},{\"@type\":\"Article\",\"@id\":\"https:\/\/nacaj.cz\/indie\/diwali-svatek-svetel-v-indii\/#article\",\"isPartOf\":{\"@id\":\"https:\/\/nacaj.cz\/indie\/diwali-svatek-svetel-v-indii\/#webpage\"},\"author\":{\"@id\":\"https:\/\/nacaj.cz\/indie\/#\/schema\/person\/cfc6309ae03161142f2b7c9f6333cbc9\"},\"headline\":\"Divali &#8211; sv\\u00e1tek sv\\u011btel v Indii\",\"datePublished\":\"2024-10-31T06:07:50+00:00\",\"dateModified\":\"2024-10-31T13:56:28+00:00\",\"mainEntityOfPage\":{\"@id\":\"https:\/\/nacaj.cz\/indie\/diwali-svatek-svetel-v-indii\/#webpage\"},\"wordCount\":425,\"commentCount\":0,\"publisher\":{\"@id\":\"https:\/\/nacaj.cz\/indie\/#organization\"},\"image\":{\"@id\":\"https:\/\/nacaj.cz\/indie\/diwali-svatek-svetel-v-indii\/#primaryimage\"},\"thumbnailUrl\":\"https:\/\/nacaj.cz\/indie\/wp-content\/uploads\/2023\/11\/Festival-svetel-Indie.jpg\",\"keywords\":[\"Indick\\u00e1 Hudba\"],\"articleSection\":[\"Zaj\\u00edmavosti\"],\"inLanguage\":\"cs\",\"potentialAction\":[{\"@type\":\"CommentAction\",\"name\":\"Comment\",\"target\":[\"https:\/\/nacaj.cz\/indie\/diwali-svatek-svetel-v-indii\/#respond\"]}]},{\"@type\":\"Person\",\"@id\":\"https:\/\/nacaj.cz\/indie\/#\/schema\/person\/cfc6309ae03161142f2b7c9f6333cbc9\",\"name\":\"* NaCaj.cz\",\"description\":\"Nav\\u0161tivte: facebook.com\/cestovani.asie.indie\",\"sameAs\":[\"https:\/\/www.facebook.com\/travel.exotika\"]}]}<\/script>\n<!-- \/ Yoast SEO plugin. -->","_links":{"self":[{"href":"https:\/\/nacaj.cz\/indie\/wp-json\/wp\/v2\/posts\/7817"}],"collection":[{"href":"https:\/\/nacaj.cz\/indie\/wp-json\/wp\/v2\/posts"}],"about":[{"href":"https:\/\/nacaj.cz\/indie\/wp-json\/wp\/v2\/types\/post"}],"author":[{"embeddable":true,"href":"https:\/\/nacaj.cz\/indie\/wp-json\/wp\/v2\/users\/1"}],"replies":[{"embeddable":true,"href":"https:\/\/nacaj.cz\/indie\/wp-json\/wp\/v2\/comments?post=7817"}],"version-history":[{"count":0,"href":"https:\/\/nacaj.cz\/indie\/wp-json\/wp\/v2\/posts\/7817\/revisions"}],"wp:featuredmedia":[{"embeddable":true,"href":"https:\/\/nacaj.cz\/indie\/wp-json\/wp\/v2\/media\/7818"}],"wp:attachment":[{"href":"https:\/\/nacaj.cz\/indie\/wp-json\/wp\/v2\/media?parent=7817"}],"wp:term":[{"taxonomy":"category","embeddable":true,"href":"https:\/\/nacaj.cz\/indie\/wp-json\/wp\/v2\/categories?post=7817"},{"taxonomy":"post_tag","embeddable":true,"href":"https:\/\/nacaj.cz\/indie\/wp-json\/wp\/v2\/tags?post=7817"}],"curies":[{"name":"wp","href":"https:\/\/api.w.org\/{rel}","templated":true}]}}