{"id":4086,"date":"2022-06-06T18:38:02","date_gmt":"2022-06-06T16:38:02","guid":{"rendered":"http:\/\/nacaj.cz\/indie\/?p=4086"},"modified":"2022-11-08T10:16:27","modified_gmt":"2022-11-08T09:16:27","slug":"pocasi-v-indii-kdy-cestovat-do-indie","status":"publish","type":"post","link":"https:\/\/nacaj.cz\/indie\/pocasi-v-indii-kdy-cestovat-do-indie\/","title":{"rendered":"Po\u010das\u00ed v Indii"},"content":{"rendered":"<div class=\"synved-social-container synved-social-container-share\" style=\"text-align: right\"><a class=\"synved-social-button synved-social-button-share synved-social-size-32 synved-social-resolution-single synved-social-provider-facebook nolightbox\" data-provider=\"facebook\" target=\"_blank\" rel=\"nofollow\" title=\"Sd\u00edlejte na facebook.com\" href=\"https:\/\/www.facebook.com\/sharer.php?u=https%3A%2F%2Fnacaj.cz%2Findie%2Fwp-json%2Fwp%2Fv2%2Fposts%2F4086&#038;t=Po%C4%8Das%C3%AD%20v%20Indii&#038;s=100&#038;p&#091;url&#093;=https%3A%2F%2Fnacaj.cz%2Findie%2Fwp-json%2Fwp%2Fv2%2Fposts%2F4086&#038;p&#091;images&#093;&#091;0&#093;=https%3A%2F%2Fnacaj.cz%2Findie%2Fwp-content%2Fuploads%2F2016%2F06%2FGoa-pocasi-2016-06-06.jpg&#038;p&#091;title&#093;=Po%C4%8Das%C3%AD%20v%20Indii\" style=\"font-size: 0px; width:32px;height:32px;margin:0;margin-bottom:5px;margin-right:5px;\"><img alt=\"Facebook\" title=\"Sd\u00edlejte na facebook.com\" class=\"synved-share-image synved-social-image synved-social-image-share\" width=\"32\" height=\"32\" style=\"display: inline; width:32px;height:32px; margin: 0; padding: 0; border: none; box-shadow: none;\" src=\"https:\/\/nacaj.cz\/indie\/wp-content\/plugins\/social-media-feather\/synved-social\/image\/social\/regular\/64x64\/facebook.png\" \/><\/a><a class=\"synved-social-button synved-social-button-share synved-social-size-32 synved-social-resolution-single synved-social-provider-twitter nolightbox\" data-provider=\"twitter\" target=\"_blank\" rel=\"nofollow\" title=\"Sd\u00edlejte na Twitteru\" href=\"https:\/\/twitter.com\/intent\/tweet?url=https%3A%2F%2Fnacaj.cz%2Findie%2Fwp-json%2Fwp%2Fv2%2Fposts%2F4086&#038;text=Sdd%C3%ADlejte%20s%20p%C5%99%C3%A1teli\" style=\"font-size: 0px; width:32px;height:32px;margin:0;margin-bottom:5px;margin-right:5px;\"><img alt=\"twitter\" title=\"Sd\u00edlejte na Twitteru\" class=\"synved-share-image synved-social-image synved-social-image-share\" width=\"32\" height=\"32\" style=\"display: inline; width:32px;height:32px; margin: 0; padding: 0; border: none; box-shadow: none;\" src=\"https:\/\/nacaj.cz\/indie\/wp-content\/plugins\/social-media-feather\/synved-social\/image\/social\/regular\/64x64\/twitter.png\" \/><\/a><a class=\"synved-social-button synved-social-button-share synved-social-size-32 synved-social-resolution-single synved-social-provider-reddit nolightbox\" data-provider=\"reddit\" target=\"_blank\" rel=\"nofollow\" title=\"Sd\u00edlejte na Reddit\" href=\"https:\/\/www.reddit.com\/submit?url=https%3A%2F%2Fnacaj.cz%2Findie%2Fwp-json%2Fwp%2Fv2%2Fposts%2F4086&#038;title=Po%C4%8Das%C3%AD%20v%20Indii\" style=\"font-size: 0px; width:32px;height:32px;margin:0;margin-bottom:5px;margin-right:5px;\"><img alt=\"reddit\" title=\"Sd\u00edlejte na Reddit\" class=\"synved-share-image synved-social-image synved-social-image-share\" width=\"32\" height=\"32\" style=\"display: inline; width:32px;height:32px; margin: 0; padding: 0; border: none; box-shadow: none;\" src=\"https:\/\/nacaj.cz\/indie\/wp-content\/plugins\/social-media-feather\/synved-social\/image\/social\/regular\/64x64\/reddit.png\" \/><\/a><a class=\"synved-social-button synved-social-button-share synved-social-size-32 synved-social-resolution-single synved-social-provider-pinterest nolightbox\" data-provider=\"pinterest\" target=\"_blank\" rel=\"nofollow\" title=\"Pin it with Pinterest\" href=\"https:\/\/pinterest.com\/pin\/create\/button\/?url=https%3A%2F%2Fnacaj.cz%2Findie%2Fwp-json%2Fwp%2Fv2%2Fposts%2F4086&#038;media=https%3A%2F%2Fnacaj.cz%2Findie%2Fwp-content%2Fuploads%2F2016%2F06%2FGoa-pocasi-2016-06-06.jpg&#038;description=Po%C4%8Das%C3%AD%20v%20Indii\" style=\"font-size: 0px; width:32px;height:32px;margin:0;margin-bottom:5px;margin-right:5px;\"><img alt=\"pinterest\" title=\"Pin it with Pinterest\" class=\"synved-share-image synved-social-image synved-social-image-share\" width=\"32\" height=\"32\" style=\"display: inline; width:32px;height:32px; margin: 0; padding: 0; border: none; box-shadow: none;\" src=\"https:\/\/nacaj.cz\/indie\/wp-content\/plugins\/social-media-feather\/synved-social\/image\/social\/regular\/64x64\/pinterest.png\" \/><\/a><a class=\"synved-social-button synved-social-button-share synved-social-size-32 synved-social-resolution-single synved-social-provider-linkedin nolightbox\" data-provider=\"linkedin\" target=\"_blank\" rel=\"nofollow\" title=\"Sd\u00edlejte na Linkedin\" href=\"https:\/\/www.linkedin.com\/shareArticle?mini=true&#038;url=https%3A%2F%2Fnacaj.cz%2Findie%2Fwp-json%2Fwp%2Fv2%2Fposts%2F4086&#038;title=Po%C4%8Das%C3%AD%20v%20Indii\" style=\"font-size: 0px; width:32px;height:32px;margin:0;margin-bottom:5px;margin-right:5px;\"><img alt=\"linkedin\" title=\"Sd\u00edlejte na Linkedin\" class=\"synved-share-image synved-social-image synved-social-image-share\" width=\"32\" height=\"32\" style=\"display: inline; width:32px;height:32px; margin: 0; padding: 0; border: none; box-shadow: none;\" src=\"https:\/\/nacaj.cz\/indie\/wp-content\/plugins\/social-media-feather\/synved-social\/image\/social\/regular\/64x64\/linkedin.png\" \/><\/a><a class=\"synved-social-button synved-social-button-share synved-social-size-32 synved-social-resolution-single synved-social-provider-tumblr nolightbox\" data-provider=\"tumblr\" target=\"_blank\" rel=\"nofollow\" title=\"Sd\u00edlejte na Tumblr\" href=\"https:\/\/tumblr.com\/share?s=&#038;v=3&#038;t=Po%C4%8Das%C3%AD%20v%20Indii&#038;u=https%3A%2F%2Fnacaj.cz%2Findie%2Fwp-json%2Fwp%2Fv2%2Fposts%2F4086\" style=\"font-size: 0px; width:32px;height:32px;margin:0;margin-bottom:5px;\"><img alt=\"tumblr\" title=\"Sd\u00edlejte na Tumblr\" class=\"synved-share-image synved-social-image synved-social-image-share\" width=\"32\" height=\"32\" style=\"display: inline; width:32px;height:32px; margin: 0; padding: 0; border: none; box-shadow: none;\" src=\"https:\/\/nacaj.cz\/indie\/wp-content\/plugins\/social-media-feather\/synved-social\/image\/social\/regular\/64x64\/tumblr.png\" \/><\/a><\/div><h3>Kdy se vydat do Indie?<br \/>\nKter\u00e9 ro\u010dn\u00ed obdob\u00ed je ide\u00e1ln\u00ed na cestov\u00e1n\u00ed po Indii?<\/h3>\n<p>&nbsp;<\/p>\n<p>Indie je obrovsk\u00e1. Po\u010das\u00ed je v ka\u017ed\u00e9m&nbsp;ro\u010dn\u00edm obdob\u00ed na r\u016fzn\u00fdch m\u00edstech rozd\u00edln\u00e9.<br \/>\nVelkou \u010d\u00e1st roku p\u0159evl\u00e1d\u00e1 na mnoha m\u00edstech extr\u00e9mn\u011b hork\u00e9 po\u010das\u00ed.<\/p>\n<p>Ka\u017ed\u00fd je jin\u00fd a jinak zvl\u00e1d\u00e1 rozd\u00edln\u00e9 a extr\u00e9mn\u00ed po\u010das\u00ed a dal\u0161\u00ed specifika Indie.<br \/>\nZ\u00e1le\u017e\u00ed tak\u00e9 na fyzick\u00e9 a psychick\u00e9 kondici cestovatele.<\/p>\n<p>P\u0159ed pl\u00e1nov\u00e1n\u00edm cesty&nbsp;do Indie doporu\u010duji prostudovat si m\u011bs\u00ed\u010dn\u00ed p\u0159edpov\u011bdi po\u010das\u00ed na r\u016fzn\u00fdch m\u00edstech Indie a tak zjistit, kdy je ide\u00e1ln\u00ed \u010das k n\u00e1v\u0161t\u011bv\u011b v\u00e1mi zvolen\u00e9 oblasti.<br \/>\nNa to je vhodn\u00fd nap\u0159\u00edklad server <a href=\"https:\/\/www.accuweather.com\/cs\/in\/india-weather\" target=\"_blank\" rel=\"noopener\">ACCUWEATHER.com<\/a><\/p>\n<p>&nbsp;<\/p>\n<p><span style=\"color: #666699;\"><strong>P\u0159id\u00e1v\u00e1m p\u0159\u00edklad grafu v\u00fdhledu p\u0159edpov\u011bdi teploty&nbsp;v \u010dervenci v Goa:<\/strong><\/span><\/p>\n<p>&nbsp;<\/p>\n<figure id=\"attachment_4089\" aria-describedby=\"caption-attachment-4089\" style=\"width: 660px\" class=\"wp-caption alignnone\"><img loading=\"lazy\" class=\"size-full wp-image-4089\" src=\"https:\/\/nacaj.cz\/indie\/wp-content\/uploads\/2016\/06\/pocasi-indie-goa-cervenec.jpg\" alt=\"Po\u010das\u00ed v Indii: Goa - \u010dervenec\" width=\"660\" height=\"198\" srcset=\"https:\/\/nacaj.cz\/indie\/wp-content\/uploads\/2016\/06\/pocasi-indie-goa-cervenec.jpg 660w, https:\/\/nacaj.cz\/indie\/wp-content\/uploads\/2016\/06\/pocasi-indie-goa-cervenec-150x45.jpg 150w\" sizes=\"(max-width: 660px) 100vw, 660px\" \/><figcaption id=\"caption-attachment-4089\" class=\"wp-caption-text\">Po\u010das\u00ed v Indii: Goa &#8211; v \u010cervenci &#8211; m\u011bs\u00ed\u010dn\u00ed p\u0159ehled a graf: <em>Zdroj: <a href=\"https:\/\/www.accuweather.com\/cs\/in\/dabolim-airport\/3080_poi\/july-weather\/3080_poi?monyr=7\/1\/2016\" target=\"_blank\" rel=\"noopener\">accuweather.com<\/a>&nbsp;<\/em><\/figcaption><\/figure>\n<p>&nbsp;<\/p>\n<p>&nbsp;<\/p>\n<p>Rozd\u00edl mezi m\u011b\u0159enou a pocitovou teplotou &#8222;Real Feel&#8220;.<\/p>\n<figure id=\"attachment_4087\" aria-describedby=\"caption-attachment-4087\" style=\"width: 660px\" class=\"wp-caption alignnone\"><img loading=\"lazy\" class=\"size-full wp-image-4087\" src=\"https:\/\/nacaj.cz\/indie\/wp-content\/uploads\/2016\/06\/Goa-pocasi-2016-06-06.jpg\" alt=\"Po4as\u00ed v Indii v l\u00e9t\u011b - Goa\" width=\"660\" height=\"147\" srcset=\"https:\/\/nacaj.cz\/indie\/wp-content\/uploads\/2016\/06\/Goa-pocasi-2016-06-06.jpg 660w, https:\/\/nacaj.cz\/indie\/wp-content\/uploads\/2016\/06\/Goa-pocasi-2016-06-06-150x33.jpg 150w\" sizes=\"(max-width: 660px) 100vw, 660px\" \/><figcaption id=\"caption-attachment-4087\" class=\"wp-caption-text\">Po\u010das\u00ed v Indii v l\u00e9t\u011b: Goa 6.\u010cerven.&nbsp; &nbsp;Teplota ve st\u00ednu <strong>30\u00b0C<\/strong>. Pocitov\u00e1 teplota d\u00edky vysok\u00e9 vlhkosti <span style=\"color: #ff0000;\"><strong>40\u00b0C<\/strong><\/span> !<\/figcaption><\/figure>\n<p><em>Zdroj: po\u010das\u00ed v Goa na&nbsp;<a href=\"https:\/\/www.accuweather.com\/cs\/in\/dabolim-airport\/3080_poi\/daily-weather-forecast\/3080_poi?day=2\" target=\"_blank\" rel=\"noopener\">accuweather.com<\/a>&nbsp;<\/em><\/p>\n<p>&nbsp;<\/p>\n<p>Je dobr\u00e9 si uv\u011bdomit, \u017ee na mnoha m\u00edstech Indie, zvl\u00e1\u0161\u0165 v oblastech bl\u00ed\u017ee mo\u0159e, je velmi vlhk\u00e9 ovzdu\u0161\u00ed.<br \/>\nKombinace vysok\u00e9 teploty a vlhk\u00e9ho vzduchu zp\u016fsobuje pocit, \u017ee je mnohem v\u011bt\u0161\u00ed horko.<br \/>\nNa str\u00e1nk\u00e1ch AccuWeather na kart\u011b konkr\u00e9tn\u00edho dne m\u016f\u017eete krom\u011b teploty vzduchu ve st\u00ednu vid\u011bt tak\u00e9 \u00fadaj &#8222;Real Feel&#8220;, co\u017e je pocitov\u00e1 teplota, kter\u00e1 m\u016f\u017ee b\u00fdt i t\u0159eba o 10\u00b0C vy\u0161\u0161\u00ed, ne\u017e ta m\u011b\u0159en\u00e1.<\/p>\n<p>&nbsp;<\/p>\n<p>Kombinace vedra, vlhka a vysok\u00e9 teploty je \u00famorn\u00e1 a nep\u0159\u00edjemn\u00e1 na cestov\u00e1n\u00ed. V takov\u00e9m po\u010das\u00ed je \u010dlov\u011bk vd\u011b\u010dn\u00fd za ka\u017ed\u00fd z\u00e1van v\u011btru.<\/p>\n<p>Letos v kv\u011btnu, na na\u0161\u00ed sedmi-m\u011bs\u00ed\u010dn\u00ed cest\u011b po Indii a Jiho-v\u00fdchodn\u00ed Asii, jsme pobyt p\u0159es den venku omezili na minimum. Z klimatizovan\u00e9ho hotelov\u00e9ho pokoje jsme vych\u00e1zeli a\u017e pozd\u011b odpoledne p\u0159ed z\u00e1padem slunce a \u017eili ve\u010der a v noci. Ul\u00e9hali k r\u00e1nu a dopoledne dosp\u00e1vali op\u011bt v klimatizovan\u00e9m pokoji.<\/p>\n<p>Osobn\u011b bych se do Indie nevyd\u00e1val v l\u00e9t\u011b. Podle mne je Ide\u00e1ln\u00ed \u010das od po\u010d\u00e1tku&nbsp;listopadu. &nbsp;V t\u00e9 dob\u011b v oblastech, kter\u00e9 nejv\u00edce ob\u00fdv\u00e1m, ust\u00e1vaj\u00ed&nbsp;monzunov\u00e9 de\u0161t\u011b a je p\u0159\u00edjemn\u00e9 u\u017e\u00edvat si&nbsp;nejen na z\u00e1padn\u00edm pob\u0159e\u017e\u00ed Indie jako ve st\u00e1t\u011b&nbsp;<a href=\"https:\/\/nacaj.cz\/indie\/informace\/goa\/\">Goa<\/a>, a &nbsp;<a href=\"https:\/\/nacaj.cz\/indie\/informace\/kerala\/\">Kerala<\/a>, ale u\u017e i pomalu klesaj\u00ed extr\u00e9mn\u00ed teploty ve vnitrozem\u00ed severn\u011bj\u0161\u00ed oblasti Indie, jako nap\u0159\u00edklad ve st\u00e1t\u011b <a href=\"https:\/\/nacaj.cz\/indie\/informace\/rajasthan\/\">Rad\u017east\u00e1n<\/a> kde u\u017e p\u0159est\u00e1vaj\u00ed stoupat p\u0159\u00edli\u0161 nad 30\u00b0C.<\/p>\n<p>P\u0159ed n\u011bkolika lety jsem str\u00e1vil m\u011bs\u00edc a p\u016fl v <a href=\"https:\/\/nacaj.cz\/indie\/dilli-new-delhi\/\">Dill\u00ed<\/a>. Na za\u010d\u00e1tku prosince bylo \u010dasto celkem p\u0159\u00edjemn\u00e9 po\u010das\u00ed. V noci chladn\u011bji, p\u0159es den pod 30\u00b0C. \u010c\u00edm d\u00e1l \u010dast\u011bji se ale objevovala sm\u011bs obla\u010dnosti a hust\u00e9ho smogu. Ke konci prosince u\u017e smog a mlha p\u0159eva\u017eovala. V noci chladno, k r\u00e1nu zima.<br \/>\nDo <a href=\"https:\/\/nacaj.cz\/indie\/dilli-new-delhi\/\">New Delhi<\/a> jsem se vr\u00e1til po roce. Ke konci dubna to byla rozp\u00e1len\u00e1 pec. Na po\u010d\u00e1tku kv\u011btna vy\u0161plhaly teploty dokonce na 45\u00b0C.&nbsp;<\/p>\n<p>&nbsp;<\/p>\n<h4><span style=\"color: #339966;\">V\u011bt\u0161ina z\u00e1padn\u00edch turist\u016f p\u0159il\u00e9t\u00e1 do Indie v obdob\u00ed mezi po\u010d\u00e1tkem prosince a koncem \u00fanora. Velk\u00e1 \u010d\u00e1st z nich m\u00ed\u0159\u00ed na pob\u0159e\u017e\u00ed a pl\u00e1\u017ee v <a href=\"https:\/\/nacaj.cz\/indie\/informace\/goa\/\">Goa<\/a> a tak\u00e9 do st\u00e1tu Karnataka a do ji\u017en\u011b polo\u017een\u00e9 <a href=\"https:\/\/nacaj.cz\/indie\/informace\/kerala\/\">Keraly<\/a>. Tou dobou jsou na z\u00e1padn\u00edm pob\u0159e\u017e\u00ed Indie snesiteln\u011bj\u0161\u00ed teploty.&nbsp;<\/span><\/h4>\n<hr>\n<h3 style=\"text-align: center;\"><span style=\"color: #339966;\">Po\u010das\u00ed v Goa<\/span><\/h3>\n<figure id=\"attachment_6993\" aria-describedby=\"caption-attachment-6993\" style=\"width: 660px\" class=\"wp-caption aligncenter\"><a href=\"https:\/\/nacaj.cz\/indie\/wp-content\/uploads\/2022\/06\/Pocasi-v-Indii-Goa-dest-teplota.png\"><img loading=\"lazy\" class=\"size-medium wp-image-6993\" src=\"https:\/\/nacaj.cz\/indie\/wp-content\/uploads\/2022\/06\/Pocasi-v-Indii-Goa-dest-teplota-660x248.png\" alt=\"Po\u010das\u00ed v Indii: Goa - teplota, d\u00e9\u0161\u0165\" width=\"660\" height=\"248\" srcset=\"https:\/\/nacaj.cz\/indie\/wp-content\/uploads\/2022\/06\/Pocasi-v-Indii-Goa-dest-teplota-660x248.png 660w, https:\/\/nacaj.cz\/indie\/wp-content\/uploads\/2022\/06\/Pocasi-v-Indii-Goa-dest-teplota-900x338.png 900w, https:\/\/nacaj.cz\/indie\/wp-content\/uploads\/2022\/06\/Pocasi-v-Indii-Goa-dest-teplota-150x56.png 150w, https:\/\/nacaj.cz\/indie\/wp-content\/uploads\/2022\/06\/Pocasi-v-Indii-Goa-dest-teplota-768x288.png 768w, https:\/\/nacaj.cz\/indie\/wp-content\/uploads\/2022\/06\/Pocasi-v-Indii-Goa-dest-teplota.png 1036w\" sizes=\"(max-width: 660px) 100vw, 660px\" \/><\/a><figcaption id=\"caption-attachment-6993\" class=\"wp-caption-text\"><strong>Po\u010das\u00ed v Indii: Goa<\/strong> &#8211; teploty a sr\u00e1\u017eky&nbsp; <span style=\"color: #808080;\">(klin\u011bte pro zv\u011bt\u0161en\u00ed) Zdroj: <a href=\"https:\/\/en.wikipedia.org\/wiki\/Goa\" target=\"_blank\" rel=\"noopener\">Wikipedia<\/a><\/span><\/figcaption><\/figure>\n<hr>\n<h3 style=\"text-align: center;\"><span style=\"color: #339966;\">Po\u010das\u00ed ve st\u00e1t\u011b Kerala<\/span><\/h3>\n<figure id=\"attachment_6989\" aria-describedby=\"caption-attachment-6989\" style=\"width: 660px\" class=\"wp-caption aligncenter\"><a href=\"https:\/\/nacaj.cz\/indie\/wp-content\/uploads\/2022\/06\/Pocasi-v-Indii-Kerala-dest-teplota-v-Kerale.png\"><img loading=\"lazy\" class=\"wp-image-6989 size-medium\" title=\"Po\u010das\u00ed v Indii - Kerala\" src=\"https:\/\/nacaj.cz\/indie\/wp-content\/uploads\/2022\/06\/Pocasi-v-Indii-Kerala-dest-teplota-v-Kerale-660x194.png\" alt=\"Po\u010das\u00ed v Indii - Kerala\" width=\"660\" height=\"194\" srcset=\"https:\/\/nacaj.cz\/indie\/wp-content\/uploads\/2022\/06\/Pocasi-v-Indii-Kerala-dest-teplota-v-Kerale-660x194.png 660w, https:\/\/nacaj.cz\/indie\/wp-content\/uploads\/2022\/06\/Pocasi-v-Indii-Kerala-dest-teplota-v-Kerale-900x265.png 900w, https:\/\/nacaj.cz\/indie\/wp-content\/uploads\/2022\/06\/Pocasi-v-Indii-Kerala-dest-teplota-v-Kerale-150x44.png 150w, https:\/\/nacaj.cz\/indie\/wp-content\/uploads\/2022\/06\/Pocasi-v-Indii-Kerala-dest-teplota-v-Kerale-768x226.png 768w, https:\/\/nacaj.cz\/indie\/wp-content\/uploads\/2022\/06\/Pocasi-v-Indii-Kerala-dest-teplota-v-Kerale.png 957w\" sizes=\"(max-width: 660px) 100vw, 660px\" \/><\/a><figcaption id=\"caption-attachment-6989\" class=\"wp-caption-text\"><strong>Po\u010das\u00ed v Indii: Kerala<\/strong> &#8211; teploty a sr\u00e1\u017eky&nbsp; <span style=\"color: #808080;\">(klin\u011bte pro zv\u011bt\u0161en\u00ed) Zdroj: <a href=\"https:\/\/en.wikipedia.org\/wiki\/Kerala\" target=\"_blank\" rel=\"noopener\">Wikipedia<\/a><\/span><\/figcaption><\/figure>\n<p>&nbsp;<\/p>\n<hr>\n<h3 style=\"text-align: center;\"><span style=\"color: #339966;\">Po\u010das\u00ed ve Nov\u00e9m Dill\u00ed<\/span><\/h3>\n<figure id=\"attachment_7091\" aria-describedby=\"caption-attachment-7091\" style=\"width: 660px\" class=\"wp-caption aligncenter\"><a href=\"https:\/\/nacaj.cz\/indie\/wp-content\/uploads\/2019\/01\/Pocasi-teploty-Dilli-Indie.png\"><img loading=\"lazy\" class=\"size-medium wp-image-7091\" src=\"https:\/\/nacaj.cz\/indie\/wp-content\/uploads\/2019\/01\/Pocasi-teploty-Dilli-Indie-660x403.png\" alt=\"Po\u010das\u00ed a teploty v Dill\u00ed\" width=\"660\" height=\"403\" srcset=\"https:\/\/nacaj.cz\/indie\/wp-content\/uploads\/2019\/01\/Pocasi-teploty-Dilli-Indie-660x403.png 660w, https:\/\/nacaj.cz\/indie\/wp-content\/uploads\/2019\/01\/Pocasi-teploty-Dilli-Indie-900x549.png 900w, https:\/\/nacaj.cz\/indie\/wp-content\/uploads\/2019\/01\/Pocasi-teploty-Dilli-Indie-150x92.png 150w, https:\/\/nacaj.cz\/indie\/wp-content\/uploads\/2019\/01\/Pocasi-teploty-Dilli-Indie-768x468.png 768w, https:\/\/nacaj.cz\/indie\/wp-content\/uploads\/2019\/01\/Pocasi-teploty-Dilli-Indie.png 1000w\" sizes=\"(max-width: 660px) 100vw, 660px\" \/><\/a><figcaption id=\"caption-attachment-7091\" class=\"wp-caption-text\"><strong>Po\u010das\u00ed a teploty v Dill\u00ed<\/strong> &#8211; teploty a sr\u00e1\u017eky&nbsp; <span style=\"color: #808080;\">(klin\u011bte pro zv\u011bt\u0161en\u00ed) Zdroj: Wikipedia<\/span><\/figcaption><\/figure>\n<p>&nbsp;<\/p>\n<p style=\"text-align: center;\">Takov\u00e9to p\u0159ehledn\u00e9 tabulky najdete na <a href=\"https:\/\/en.wikipedia.org\/wiki\/India\" target=\"_blank\" rel=\"noopener\">wikipedii<\/a>, kdy\u017e si vyhled\u00e1te str\u00e1nky st\u00e1t\u016f, nebo velk\u00fdch m\u011bst.<\/p>\n<hr>\n<h4>Jihoz\u00e1padn\u00ed monzun v Indii + Mapa ro\u010dn\u00edch sr\u00e1\u017eek v Indii<\/h4>\n<p><a href=\"https:\/\/nacaj.cz\/indie\/wp-content\/uploads\/2017\/03\/Indie-jihozapadni-monzuny.jpg\"><img loading=\"lazy\" class=\"size-thumbnail wp-image-4893\" src=\"https:\/\/nacaj.cz\/indie\/wp-content\/uploads\/2017\/03\/Indie-jihozapadni-monzuny-150x146.jpg\" alt=\"Jihoz\u00e1padn\u00ed monzun v Indii\" width=\"150\" height=\"146\" srcset=\"https:\/\/nacaj.cz\/indie\/wp-content\/uploads\/2017\/03\/Indie-jihozapadni-monzuny-150x146.jpg 150w, https:\/\/nacaj.cz\/indie\/wp-content\/uploads\/2017\/03\/Indie-jihozapadni-monzuny-660x641.jpg 660w, https:\/\/nacaj.cz\/indie\/wp-content\/uploads\/2017\/03\/Indie-jihozapadni-monzuny.jpg 721w\" sizes=\"(max-width: 150px) 100vw, 150px\" \/><\/a>&nbsp; <a href=\"https:\/\/nacaj.cz\/indie\/wp-content\/uploads\/2017\/03\/monsuny-v-indii-dest-indie-prsi.jpg\"><img loading=\"lazy\" class=\"size-thumbnail wp-image-4894\" src=\"https:\/\/nacaj.cz\/indie\/wp-content\/uploads\/2017\/03\/monsuny-v-indii-dest-indie-prsi-150x146.jpg\" alt=\"Monzuny a de\u0161t\u011b v Indii\" width=\"150\" height=\"146\" srcset=\"https:\/\/nacaj.cz\/indie\/wp-content\/uploads\/2017\/03\/monsuny-v-indii-dest-indie-prsi-150x146.jpg 150w, https:\/\/nacaj.cz\/indie\/wp-content\/uploads\/2017\/03\/monsuny-v-indii-dest-indie-prsi-660x641.jpg 660w, https:\/\/nacaj.cz\/indie\/wp-content\/uploads\/2017\/03\/monsuny-v-indii-dest-indie-prsi.jpg 721w\" sizes=\"(max-width: 150px) 100vw, 150px\" \/><br \/>\n<\/a><span style=\"color: #666699;\">* klikn\u011bte na n\u00e1hled pro zv\u011bt\u0161en\u00ed<\/span><br \/>\n&nbsp; &nbsp;<\/p>\n<p>&nbsp;<\/p>\n<h4 class=\"well well-sm\">Nav\u0161t\u00edvili jste Indii v obdob\u00ed monzun\u016f? Za\u017eili jste hust\u00e9 de\u0161t\u011b?<br \/>\n<a href=\"https:\/\/nacaj.cz\/indie\/asie\/#sdilejte-zkusenosti-indie\">\u27a4 Pod\u011blte se o sv\u00e9 zku\u0161enosti!&nbsp;\u27a4<\/a><\/h4>\n<hr>\n<h4>Weather2Travel.com<\/h4>\n<p>Dal\u0161\u00ed zaj\u00edmav\u00fd zdroj s informacemi o klimatu kdekoli o sv\u011bt\u011b je <strong><a href=\"https:\/\/www.weather2travel.com\/india\/climate\/\" target=\"_blank\" rel=\"noopener\">Weather2Travel.com<\/a><\/strong><br \/>\nOd m\u00edst, kde najdete tepl\u00e9 slune\u010dn\u00e9 po\u010das\u00ed v r\u016fzn\u00fdch m\u011bs\u00edc\u00edch roku, p\u0159es denn\u00ed p\u0159edpov\u011bdi, m\u011bs\u00ed\u010dn\u00ed pr\u016fm\u011bry po\u010das\u00ed a\u017e po podrobn\u00e9 klimatick\u00e9 informace o konkr\u00e9tn\u00edch aspektech po\u010das\u00ed, jako je tento kompletn\u00ed pr\u016fvodce tropick\u00fdmi bou\u0159emi a teplotou mo\u0159e.<strong><br \/>\n<\/strong><\/p>\n<hr>\n<p>&nbsp;<\/p>\n<div class=\"synved-social-container synved-social-container-share\" style=\"text-align: right\"><a class=\"synved-social-button synved-social-button-share synved-social-size-32 synved-social-resolution-single synved-social-provider-facebook nolightbox\" data-provider=\"facebook\" target=\"_blank\" rel=\"nofollow\" title=\"Sd\u00edlejte na facebook.com\" href=\"https:\/\/www.facebook.com\/sharer.php?u=https%3A%2F%2Fnacaj.cz%2Findie%2Fwp-json%2Fwp%2Fv2%2Fposts%2F4086&#038;t=Po%C4%8Das%C3%AD%20v%20Indii&#038;s=100&#038;p&#091;url&#093;=https%3A%2F%2Fnacaj.cz%2Findie%2Fwp-json%2Fwp%2Fv2%2Fposts%2F4086&#038;p&#091;images&#093;&#091;0&#093;=https%3A%2F%2Fnacaj.cz%2Findie%2Fwp-content%2Fuploads%2F2016%2F06%2FGoa-pocasi-2016-06-06.jpg&#038;p&#091;title&#093;=Po%C4%8Das%C3%AD%20v%20Indii\" style=\"font-size: 0px; width:32px;height:32px;margin:0;margin-bottom:5px;margin-right:5px;\"><img alt=\"Facebook\" title=\"Sd\u00edlejte na facebook.com\" class=\"synved-share-image synved-social-image synved-social-image-share\" width=\"32\" height=\"32\" style=\"display: inline; width:32px;height:32px; margin: 0; padding: 0; border: none; box-shadow: none;\" src=\"https:\/\/nacaj.cz\/indie\/wp-content\/plugins\/social-media-feather\/synved-social\/image\/social\/regular\/64x64\/facebook.png\" \/><\/a><a class=\"synved-social-button synved-social-button-share synved-social-size-32 synved-social-resolution-single synved-social-provider-twitter nolightbox\" data-provider=\"twitter\" target=\"_blank\" rel=\"nofollow\" title=\"Sd\u00edlejte na Twitteru\" href=\"https:\/\/twitter.com\/intent\/tweet?url=https%3A%2F%2Fnacaj.cz%2Findie%2Fwp-json%2Fwp%2Fv2%2Fposts%2F4086&#038;text=Sdd%C3%ADlejte%20s%20p%C5%99%C3%A1teli\" style=\"font-size: 0px; width:32px;height:32px;margin:0;margin-bottom:5px;margin-right:5px;\"><img alt=\"twitter\" title=\"Sd\u00edlejte na Twitteru\" class=\"synved-share-image synved-social-image synved-social-image-share\" width=\"32\" height=\"32\" style=\"display: inline; width:32px;height:32px; margin: 0; padding: 0; border: none; box-shadow: none;\" src=\"https:\/\/nacaj.cz\/indie\/wp-content\/plugins\/social-media-feather\/synved-social\/image\/social\/regular\/64x64\/twitter.png\" \/><\/a><a class=\"synved-social-button synved-social-button-share synved-social-size-32 synved-social-resolution-single synved-social-provider-reddit nolightbox\" data-provider=\"reddit\" target=\"_blank\" rel=\"nofollow\" title=\"Sd\u00edlejte na Reddit\" href=\"https:\/\/www.reddit.com\/submit?url=https%3A%2F%2Fnacaj.cz%2Findie%2Fwp-json%2Fwp%2Fv2%2Fposts%2F4086&#038;title=Po%C4%8Das%C3%AD%20v%20Indii\" style=\"font-size: 0px; width:32px;height:32px;margin:0;margin-bottom:5px;margin-right:5px;\"><img alt=\"reddit\" title=\"Sd\u00edlejte na Reddit\" class=\"synved-share-image synved-social-image synved-social-image-share\" width=\"32\" height=\"32\" style=\"display: inline; width:32px;height:32px; margin: 0; padding: 0; border: none; box-shadow: none;\" src=\"https:\/\/nacaj.cz\/indie\/wp-content\/plugins\/social-media-feather\/synved-social\/image\/social\/regular\/64x64\/reddit.png\" \/><\/a><a class=\"synved-social-button synved-social-button-share synved-social-size-32 synved-social-resolution-single synved-social-provider-pinterest nolightbox\" data-provider=\"pinterest\" target=\"_blank\" rel=\"nofollow\" title=\"Pin it with Pinterest\" href=\"https:\/\/pinterest.com\/pin\/create\/button\/?url=https%3A%2F%2Fnacaj.cz%2Findie%2Fwp-json%2Fwp%2Fv2%2Fposts%2F4086&#038;media=https%3A%2F%2Fnacaj.cz%2Findie%2Fwp-content%2Fuploads%2F2016%2F06%2FGoa-pocasi-2016-06-06.jpg&#038;description=Po%C4%8Das%C3%AD%20v%20Indii\" style=\"font-size: 0px; width:32px;height:32px;margin:0;margin-bottom:5px;margin-right:5px;\"><img alt=\"pinterest\" title=\"Pin it with Pinterest\" class=\"synved-share-image synved-social-image synved-social-image-share\" width=\"32\" height=\"32\" style=\"display: inline; width:32px;height:32px; margin: 0; padding: 0; border: none; box-shadow: none;\" src=\"https:\/\/nacaj.cz\/indie\/wp-content\/plugins\/social-media-feather\/synved-social\/image\/social\/regular\/64x64\/pinterest.png\" \/><\/a><a class=\"synved-social-button synved-social-button-share synved-social-size-32 synved-social-resolution-single synved-social-provider-linkedin nolightbox\" data-provider=\"linkedin\" target=\"_blank\" rel=\"nofollow\" title=\"Sd\u00edlejte na Linkedin\" href=\"https:\/\/www.linkedin.com\/shareArticle?mini=true&#038;url=https%3A%2F%2Fnacaj.cz%2Findie%2Fwp-json%2Fwp%2Fv2%2Fposts%2F4086&#038;title=Po%C4%8Das%C3%AD%20v%20Indii\" style=\"font-size: 0px; width:32px;height:32px;margin:0;margin-bottom:5px;margin-right:5px;\"><img alt=\"linkedin\" title=\"Sd\u00edlejte na Linkedin\" class=\"synved-share-image synved-social-image synved-social-image-share\" width=\"32\" height=\"32\" style=\"display: inline; width:32px;height:32px; margin: 0; padding: 0; border: none; box-shadow: none;\" src=\"https:\/\/nacaj.cz\/indie\/wp-content\/plugins\/social-media-feather\/synved-social\/image\/social\/regular\/64x64\/linkedin.png\" \/><\/a><a class=\"synved-social-button synved-social-button-share synved-social-size-32 synved-social-resolution-single synved-social-provider-tumblr nolightbox\" data-provider=\"tumblr\" target=\"_blank\" rel=\"nofollow\" title=\"Sd\u00edlejte na Tumblr\" href=\"https:\/\/tumblr.com\/share?s=&#038;v=3&#038;t=Po%C4%8Das%C3%AD%20v%20Indii&#038;u=https%3A%2F%2Fnacaj.cz%2Findie%2Fwp-json%2Fwp%2Fv2%2Fposts%2F4086\" style=\"font-size: 0px; width:32px;height:32px;margin:0;margin-bottom:5px;\"><img alt=\"tumblr\" title=\"Sd\u00edlejte na Tumblr\" class=\"synved-share-image synved-social-image synved-social-image-share\" width=\"32\" height=\"32\" style=\"display: inline; width:32px;height:32px; margin: 0; padding: 0; border: none; box-shadow: none;\" src=\"https:\/\/nacaj.cz\/indie\/wp-content\/plugins\/social-media-feather\/synved-social\/image\/social\/regular\/64x64\/tumblr.png\" \/><\/a><\/div>","protected":false},"excerpt":{"rendered":"<p>Kdy se vydat do Indie? Kter\u00e9 ro\u010dn\u00ed obdob\u00ed je ide\u00e1ln\u00ed na cestov\u00e1n\u00ed po Indii? Indie je obrovsk\u00e1. Po\u010das\u00ed je v ka\u017ed\u00e9m ro\u010dn\u00edm obdob\u00ed na r\u016fzn\u00fdch m\u00edstech rozd\u00edln\u00e9.  Velkou \u010d\u00e1st roku p\u0159evl\u00e1d\u00e1 na mnoha m\u00edstech extr\u00e9mn\u011b hork\u00e9 po\u010das\u00ed. Monzuny a de\u0161t\u011b v &#8230;<\/p>\n","protected":false},"author":1,"featured_media":4087,"comment_status":"open","ping_status":"closed","sticky":false,"template":"","format":"standard","meta":{"ngg_post_thumbnail":0},"categories":[2],"tags":[212,28],"yoast_head":"<!-- This site is optimized with the Yoast SEO plugin v16.3 - https:\/\/yoast.com\/wordpress\/plugins\/seo\/ -->\n<title>Po\u010das\u00ed v Indii. Kdy se vydat na cestu do Indie. \u2665 NaCaj.cz<\/title>\n<meta name=\"description\" content=\"Kdy se vydat do Indie? Kter\u00e9 ro\u010dn\u00ed obdob\u00ed je ide\u00e1ln\u00ed na cestov\u00e1n\u00ed po Indii? Prohl\u00e9dn\u011bte si m\u011bs\u00ed\u010dn\u00ed p\u0159edpov\u011bdi po\u010das\u00ed v Indii na r\u016fzn\u00fdch m\u00edstech. Monzuny ...\" \/>\n<meta name=\"robots\" content=\"index, follow, max-snippet:-1, max-image-preview:large, max-video-preview:-1\" \/>\n<link rel=\"canonical\" href=\"https:\/\/nacaj.cz\/indie\/pocasi-v-indii-kdy-cestovat-do-indie\/\" \/>\n<meta property=\"og:locale\" content=\"cs_CZ\" \/>\n<meta property=\"og:type\" content=\"article\" \/>\n<meta property=\"og:title\" content=\"Po\u010das\u00ed v Indii. Kdy se vydat na cestu do Indie. \u2665 NaCaj.cz\" \/>\n<meta property=\"og:description\" content=\"Kdy se vydat do Indie? Kter\u00e9 ro\u010dn\u00ed obdob\u00ed je ide\u00e1ln\u00ed na cestov\u00e1n\u00ed po Indii? Prohl\u00e9dn\u011bte si m\u011bs\u00ed\u010dn\u00ed p\u0159edpov\u011bdi po\u010das\u00ed v Indii na r\u016fzn\u00fdch m\u00edstech. Monzuny ...\" \/>\n<meta property=\"og:url\" content=\"https:\/\/nacaj.cz\/indie\/pocasi-v-indii-kdy-cestovat-do-indie\/\" \/>\n<meta property=\"og:site_name\" content=\"INDIE - Cestov\u00e1n\u00ed po Indii\" \/>\n<meta property=\"article:publisher\" content=\"https:\/\/www.facebook.com\/travel.exotika\/\" \/>\n<meta property=\"article:author\" content=\"https:\/\/www.facebook.com\/travel.exotika\" \/>\n<meta property=\"article:published_time\" content=\"2022-06-06T16:38:02+00:00\" \/>\n<meta property=\"article:modified_time\" content=\"2022-11-08T09:16:27+00:00\" \/>\n<meta property=\"og:image\" content=\"https:\/\/nacaj.cz\/indie\/wp-content\/uploads\/2016\/06\/Goa-pocasi-2016-06-06.jpg\" \/>\n\t<meta property=\"og:image:width\" content=\"660\" \/>\n\t<meta property=\"og:image:height\" content=\"147\" \/>\n<meta name=\"twitter:label1\" content=\"Odhadovan\u00e1 doba \u010dten\u00ed\">\n\t<meta name=\"twitter:data1\" content=\"5 minut\">\n<script type=\"application\/ld+json\" class=\"yoast-schema-graph\">{\"@context\":\"https:\/\/schema.org\",\"@graph\":[{\"@type\":\"Organization\",\"@id\":\"https:\/\/nacaj.cz\/indie\/#organization\",\"name\":\"NaCaj.cz\",\"url\":\"https:\/\/nacaj.cz\/indie\/\",\"sameAs\":[\"https:\/\/www.facebook.com\/travel.exotika\/\"],\"logo\":{\"@type\":\"ImageObject\",\"@id\":\"https:\/\/nacaj.cz\/indie\/#logo\",\"inLanguage\":\"cs\",\"url\":\"https:\/\/nacaj.cz\/indie\/wp-content\/uploads\/2018\/01\/Indie-cestovani-po-indii.jpg\",\"contentUrl\":\"https:\/\/nacaj.cz\/indie\/wp-content\/uploads\/2018\/01\/Indie-cestovani-po-indii.jpg\",\"width\":651,\"height\":530,\"caption\":\"NaCaj.cz\"},\"image\":{\"@id\":\"https:\/\/nacaj.cz\/indie\/#logo\"}},{\"@type\":\"WebSite\",\"@id\":\"https:\/\/nacaj.cz\/indie\/#website\",\"url\":\"https:\/\/nacaj.cz\/indie\/\",\"name\":\"INDIE - Cestov\\u00e1n\\u00ed po Indii\",\"description\":\"Cestov\\u00e1n\\u00ed: Exotika :-)\",\"publisher\":{\"@id\":\"https:\/\/nacaj.cz\/indie\/#organization\"},\"potentialAction\":[{\"@type\":\"SearchAction\",\"target\":\"https:\/\/nacaj.cz\/indie\/?s={search_term_string}\",\"query-input\":\"required name=search_term_string\"}],\"inLanguage\":\"cs\"},{\"@type\":\"ImageObject\",\"@id\":\"https:\/\/nacaj.cz\/indie\/pocasi-v-indii-kdy-cestovat-do-indie\/#primaryimage\",\"inLanguage\":\"cs\",\"url\":\"https:\/\/nacaj.cz\/indie\/wp-content\/uploads\/2016\/06\/Goa-pocasi-2016-06-06.jpg\",\"contentUrl\":\"https:\/\/nacaj.cz\/indie\/wp-content\/uploads\/2016\/06\/Goa-pocasi-2016-06-06.jpg\",\"width\":660,\"height\":147,\"caption\":\"Po4as\\u00ed v Indii v l\\u00e9t\\u011b - Goa\"},{\"@type\":\"WebPage\",\"@id\":\"https:\/\/nacaj.cz\/indie\/pocasi-v-indii-kdy-cestovat-do-indie\/#webpage\",\"url\":\"https:\/\/nacaj.cz\/indie\/pocasi-v-indii-kdy-cestovat-do-indie\/\",\"name\":\"Po\\u010das\\u00ed v Indii. Kdy se vydat na cestu do Indie. \\u2665 NaCaj.cz\",\"isPartOf\":{\"@id\":\"https:\/\/nacaj.cz\/indie\/#website\"},\"primaryImageOfPage\":{\"@id\":\"https:\/\/nacaj.cz\/indie\/pocasi-v-indii-kdy-cestovat-do-indie\/#primaryimage\"},\"datePublished\":\"2022-06-06T16:38:02+00:00\",\"dateModified\":\"2022-11-08T09:16:27+00:00\",\"description\":\"Kdy se vydat do Indie? Kter\\u00e9 ro\\u010dn\\u00ed obdob\\u00ed je ide\\u00e1ln\\u00ed na cestov\\u00e1n\\u00ed po Indii? Prohl\\u00e9dn\\u011bte si m\\u011bs\\u00ed\\u010dn\\u00ed p\\u0159edpov\\u011bdi po\\u010das\\u00ed v Indii na r\\u016fzn\\u00fdch m\\u00edstech. Monzuny ...\",\"breadcrumb\":{\"@id\":\"https:\/\/nacaj.cz\/indie\/pocasi-v-indii-kdy-cestovat-do-indie\/#breadcrumb\"},\"inLanguage\":\"cs\",\"potentialAction\":[{\"@type\":\"ReadAction\",\"target\":[\"https:\/\/nacaj.cz\/indie\/pocasi-v-indii-kdy-cestovat-do-indie\/\"]}]},{\"@type\":\"BreadcrumbList\",\"@id\":\"https:\/\/nacaj.cz\/indie\/pocasi-v-indii-kdy-cestovat-do-indie\/#breadcrumb\",\"itemListElement\":[{\"@type\":\"ListItem\",\"position\":1,\"item\":{\"@type\":\"WebPage\",\"@id\":\"https:\/\/nacaj.cz\/indie\/\",\"url\":\"https:\/\/nacaj.cz\/indie\/\",\"name\":\"Dom\\u016f\"}},{\"@type\":\"ListItem\",\"position\":2,\"item\":{\"@type\":\"WebPage\",\"@id\":\"https:\/\/nacaj.cz\/indie\/cestovani\/pripravy-na-cestu-do-indie\/\",\"url\":\"https:\/\/nacaj.cz\/indie\/cestovani\/pripravy-na-cestu-do-indie\/\",\"name\":\"P\\u0159\\u00edpravy na cestu do Indie\"}},{\"@type\":\"ListItem\",\"position\":3,\"item\":{\"@id\":\"https:\/\/nacaj.cz\/indie\/pocasi-v-indii-kdy-cestovat-do-indie\/#webpage\"}}]},{\"@type\":\"Article\",\"@id\":\"https:\/\/nacaj.cz\/indie\/pocasi-v-indii-kdy-cestovat-do-indie\/#article\",\"isPartOf\":{\"@id\":\"https:\/\/nacaj.cz\/indie\/pocasi-v-indii-kdy-cestovat-do-indie\/#webpage\"},\"author\":{\"@id\":\"https:\/\/nacaj.cz\/indie\/#\/schema\/person\/cfc6309ae03161142f2b7c9f6333cbc9\"},\"headline\":\"Po\\u010das\\u00ed v Indii\",\"datePublished\":\"2022-06-06T16:38:02+00:00\",\"dateModified\":\"2022-11-08T09:16:27+00:00\",\"mainEntityOfPage\":{\"@id\":\"https:\/\/nacaj.cz\/indie\/pocasi-v-indii-kdy-cestovat-do-indie\/#webpage\"},\"wordCount\":923,\"commentCount\":2,\"publisher\":{\"@id\":\"https:\/\/nacaj.cz\/indie\/#organization\"},\"image\":{\"@id\":\"https:\/\/nacaj.cz\/indie\/pocasi-v-indii-kdy-cestovat-do-indie\/#primaryimage\"},\"thumbnailUrl\":\"https:\/\/nacaj.cz\/indie\/wp-content\/uploads\/2016\/06\/Goa-pocasi-2016-06-06.jpg\",\"keywords\":[\"po\\u010das\\u00ed v Indii\",\"p\\u0159\\u00edprava na cestu\"],\"articleSection\":[\"P\\u0159\\u00edpravy na cestu do Indie\"],\"inLanguage\":\"cs\",\"potentialAction\":[{\"@type\":\"CommentAction\",\"name\":\"Comment\",\"target\":[\"https:\/\/nacaj.cz\/indie\/pocasi-v-indii-kdy-cestovat-do-indie\/#respond\"]}]},{\"@type\":\"Person\",\"@id\":\"https:\/\/nacaj.cz\/indie\/#\/schema\/person\/cfc6309ae03161142f2b7c9f6333cbc9\",\"name\":\"* NaCaj.cz\",\"description\":\"Nav\\u0161tivte: facebook.com\/cestovani.asie.indie\",\"sameAs\":[\"https:\/\/www.facebook.com\/travel.exotika\"]}]}<\/script>\n<!-- \/ Yoast SEO plugin. -->","_links":{"self":[{"href":"https:\/\/nacaj.cz\/indie\/wp-json\/wp\/v2\/posts\/4086"}],"collection":[{"href":"https:\/\/nacaj.cz\/indie\/wp-json\/wp\/v2\/posts"}],"about":[{"href":"https:\/\/nacaj.cz\/indie\/wp-json\/wp\/v2\/types\/post"}],"author":[{"embeddable":true,"href":"https:\/\/nacaj.cz\/indie\/wp-json\/wp\/v2\/users\/1"}],"replies":[{"embeddable":true,"href":"https:\/\/nacaj.cz\/indie\/wp-json\/wp\/v2\/comments?post=4086"}],"version-history":[{"count":0,"href":"https:\/\/nacaj.cz\/indie\/wp-json\/wp\/v2\/posts\/4086\/revisions"}],"wp:featuredmedia":[{"embeddable":true,"href":"https:\/\/nacaj.cz\/indie\/wp-json\/wp\/v2\/media\/4087"}],"wp:attachment":[{"href":"https:\/\/nacaj.cz\/indie\/wp-json\/wp\/v2\/media?parent=4086"}],"wp:term":[{"taxonomy":"category","embeddable":true,"href":"https:\/\/nacaj.cz\/indie\/wp-json\/wp\/v2\/categories?post=4086"},{"taxonomy":"post_tag","embeddable":true,"href":"https:\/\/nacaj.cz\/indie\/wp-json\/wp\/v2\/tags?post=4086"}],"curies":[{"name":"wp","href":"https:\/\/api.w.org\/{rel}","templated":true}]}}